{"id":2144,"date":"2026-04-21T18:41:30","date_gmt":"2026-04-21T16:41:30","guid":{"rendered":"https:\/\/www.ifldigitalart.it\/new\/?p=2144"},"modified":"2026-04-21T19:12:42","modified_gmt":"2026-04-21T17:12:42","slug":"retrogusto-in-copertina-la-mia-opera-per-il-nuovo-libro-di-piergiorgio-capoccetti","status":"publish","type":"post","link":"https:\/\/www.ifldigitalart.it\/new\/retrogusto-in-copertina-la-mia-opera-per-il-nuovo-libro-di-piergiorgio-capoccetti\/","title":{"rendered":"Retrogusto in copertina: la mia opera per il nuovo libro di Piergiorgio Capoccetti"},"content":{"rendered":"\n<div class=\"wp-block-group is-nowrap is-layout-flex wp-container-core-group-is-layout-8f761849 wp-block-group-is-layout-flex\">\n<figure class=\"wp-block-image size-full\"><img loading=\"lazy\" decoding=\"async\" width=\"400\" height=\"600\" src=\"https:\/\/www.ifldigitalart.it\/new\/wp-content\/uploads\/2026\/04\/copertina-1.jpg\" alt=\"\" class=\"wp-image-2158\" style=\"object-fit:cover\" srcset=\"https:\/\/www.ifldigitalart.it\/new\/wp-content\/uploads\/2026\/04\/copertina-1.jpg 400w, https:\/\/www.ifldigitalart.it\/new\/wp-content\/uploads\/2026\/04\/copertina-1-200x300.jpg 200w\" sizes=\"auto, (max-width: 400px) 100vw, 400px\" \/><\/figure>\n\n\n\n<div class=\"wp-block-group is-vertical is-layout-flex wp-container-core-group-is-layout-4fc3f8e1 wp-block-group-is-layout-flex\">\n<p class=\"wp-block-paragraph\">Ci sono collaborazioni che nascono in modo naturale, quasi inevitabile.<br>\u00c8 ci\u00f2 che \u00e8 accaduto con <strong>Pier Giorgio Capoccetti<\/strong>, conosciuto nel mondo bikers come <em><strong>Il Pirata<\/strong><\/em>, amico prima ancora che autore.<br>Lo scorso settembre mi aveva anticipato il titolo del suo nuovo libro, <em><strong>69 Gocce di vino<\/strong><\/em>, in uscita questa primavera.<br>Da l\u00ec \u00e8 iniziato un dialogo spontaneo: mi ha chiesto di lavorare a una possibile immagine di copertina, lasciandomi piena libert\u00e0 di interpretazione.<br>Da questo confronto sono nati diversi lavori, ciascuno con una propria direzione, un proprio equilibrio tra materia, percezione e suggestione.<br>Tra queste variazioni, la scelta finale \u00e8 ricaduta su <em><strong>Retrogusto (Goccia 39)<\/strong><\/em>.<br>Una scelta che sento profondamente coerente con il libro.<\/p>\n<\/div>\n<\/div>\n\n\n\n<p class=\"wp-block-paragraph\">La poesia di Capoccetti si muove tra corpo e coscienza, tra impulso e consapevolezza.<br><em><strong>Retrogusto<\/strong><\/em>, gi\u00e0 nel titolo, richiama qualcosa che permane, che si deposita dopo l\u2019esperienza, proprio come fanno certe parole.<br>Sapere che quest\u2019opera sar\u00e0 la prima immagine del libro va oltre la soddisfazione per una collaborazione riuscita: rappresenta il segno di una sintonia, di un dialogo che continua a muoversi tra linguaggi diversi, dalla parola all\u2019immagine.<\/p>\n\n\n\n<p class=\"wp-block-paragraph\">Anche gli altri lavori sviluppati per questo progetto non resteranno chiusi in un cassetto.<br>Alcuni di essi prenderanno forma come opere autonome e proseguiranno il loro percorso, probabilmente anche attraverso la stampa.<br>In questo senso, <em><strong>Retrogusto (Goccia 39)<\/strong><\/em> non \u00e8 solo l\u2019immagine scelta per una copertina, ma il punto emerso di un processo pi\u00f9 ampio.<\/p>\n\n\n\n<div class=\"wp-block-group is-nowrap is-layout-flex wp-container-core-group-is-layout-8f761849 wp-block-group-is-layout-flex\"><div class=\"wp-block-image\">\n<figure class=\"aligncenter size-large\"><img loading=\"lazy\" decoding=\"async\" width=\"1024\" height=\"1024\" src=\"https:\/\/www.ifldigitalart.it\/new\/wp-content\/uploads\/2026\/02\/39-1024x1024.png\" alt=\"\" class=\"wp-image-2110\" srcset=\"https:\/\/www.ifldigitalart.it\/new\/wp-content\/uploads\/2026\/02\/39-1024x1024.png 1024w, https:\/\/www.ifldigitalart.it\/new\/wp-content\/uploads\/2026\/02\/39-300x300.png 300w, https:\/\/www.ifldigitalart.it\/new\/wp-content\/uploads\/2026\/02\/39-150x150.png 150w, https:\/\/www.ifldigitalart.it\/new\/wp-content\/uploads\/2026\/02\/39-768x768.png 768w, https:\/\/www.ifldigitalart.it\/new\/wp-content\/uploads\/2026\/02\/39-1536x1536.png 1536w, https:\/\/www.ifldigitalart.it\/new\/wp-content\/uploads\/2026\/02\/39.png 1920w\" sizes=\"auto, (max-width: 1024px) 100vw, 1024px\" \/><\/figure>\n<\/div>\n\n\n<p class=\"wp-block-paragraph\">Questo progetto \u00e8 stato, prima di tutto, un incontro:<br>tra linguaggi,<br>tra sensibilit\u00e0,<br>tra percorsi che si incrociano.<br>E, in fondo, anche questo lascia un retrogusto.<\/p>\n<\/div>\n","protected":false},"excerpt":{"rendered":"Ci sono collaborazioni che nascono in modo naturale, quasi inevitabile.\u00c8 ci\u00f2 che \u00e8 [&hellip;]","protected":false},"author":1,"featured_media":2158,"comment_status":"closed","ping_status":"closed","sticky":false,"template":"","format":"standard","meta":{"_acf_changed":false,"footnotes":""},"categories":[3],"tags":[],"class_list":["post-2144","post","type-post","status-publish","format-standard","has-post-thumbnail","hentry","category-news"],"acf":[],"_links":{"self":[{"href":"https:\/\/www.ifldigitalart.it\/new\/wp-json\/wp\/v2\/posts\/2144","targetHints":{"allow":["GET"]}}],"collection":[{"href":"https:\/\/www.ifldigitalart.it\/new\/wp-json\/wp\/v2\/posts"}],"about":[{"href":"https:\/\/www.ifldigitalart.it\/new\/wp-json\/wp\/v2\/types\/post"}],"author":[{"embeddable":true,"href":"https:\/\/www.ifldigitalart.it\/new\/wp-json\/wp\/v2\/users\/1"}],"replies":[{"embeddable":true,"href":"https:\/\/www.ifldigitalart.it\/new\/wp-json\/wp\/v2\/comments?post=2144"}],"version-history":[{"count":11,"href":"https:\/\/www.ifldigitalart.it\/new\/wp-json\/wp\/v2\/posts\/2144\/revisions"}],"predecessor-version":[{"id":2160,"href":"https:\/\/www.ifldigitalart.it\/new\/wp-json\/wp\/v2\/posts\/2144\/revisions\/2160"}],"wp:featuredmedia":[{"embeddable":true,"href":"https:\/\/www.ifldigitalart.it\/new\/wp-json\/wp\/v2\/media\/2158"}],"wp:attachment":[{"href":"https:\/\/www.ifldigitalart.it\/new\/wp-json\/wp\/v2\/media?parent=2144"}],"wp:term":[{"taxonomy":"category","embeddable":true,"href":"https:\/\/www.ifldigitalart.it\/new\/wp-json\/wp\/v2\/categories?post=2144"},{"taxonomy":"post_tag","embeddable":true,"href":"https:\/\/www.ifldigitalart.it\/new\/wp-json\/wp\/v2\/tags?post=2144"}],"curies":[{"name":"wp","href":"https:\/\/api.w.org\/{rel}","templated":true}]}}