{"id":2204,"date":"2026-06-06T10:06:45","date_gmt":"2026-06-06T08:06:45","guid":{"rendered":"https:\/\/www.ifldigitalart.it\/new\/?p=2204"},"modified":"2026-06-06T10:06:45","modified_gmt":"2026-06-06T08:06:45","slug":"tra-luce-e-ombra-eclipse-in-mostra-a-piacenza","status":"publish","type":"post","link":"https:\/\/www.ifldigitalart.it\/new\/tra-luce-e-ombra-eclipse-in-mostra-a-piacenza\/","title":{"rendered":"Tra luce e ombra: Eclipse in mostra a Piacenza"},"content":{"rendered":"\n<p class=\"wp-block-paragraph\">Dal 10 al 27 giugno 2026 parteciper\u00f2 alla mostra collettiva <strong>\u201cAttraverso i sensi\u201d<\/strong>, ospitata presso lo Spazio Rosso Tiziano di Piacenza e promossa da Luci &amp; Ombre \u2013 Arti Visive Piacenza in collaborazione con Rosso Tiziano APS.<\/p>\n\n\n\n<p class=\"wp-block-paragraph\">Il progetto espositivo si sviluppa attorno al tema della percezione, intesa non solo come esperienza sensoriale, ma come processo pi\u00f9 ampio che coinvolge memoria, emozione e interpretazione personale del reale. La mostra riunisce artisti provenienti da differenti percorsi e linguaggi contemporanei, invitati a confrontarsi con il modo in cui lo sguardo costruisce significato oltre l\u2019apparenza immediata delle immagini.<\/p>\n\n\n\n<p class=\"wp-block-paragraph\">In questo contesto sar\u00e0 esposta la mia opera <strong>Eclipse<\/strong>, un lavoro che esplora la dualit\u00e0 dell\u2019identit\u00e0 attraverso il dialogo tra luce e ombra.<\/p>\n\n\n\n<figure class=\"wp-block-image size-medium custom-featured-image\"><img loading=\"lazy\" decoding=\"async\" width=\"238\" height=\"300\" src=\"https:\/\/www.ifldigitalart.it\/new\/wp-content\/uploads\/2025\/12\/eclipse-238x300.jpg\" alt=\"\" class=\"wp-image-2058\" srcset=\"https:\/\/www.ifldigitalart.it\/new\/wp-content\/uploads\/2025\/12\/eclipse-238x300.jpg 238w, https:\/\/www.ifldigitalart.it\/new\/wp-content\/uploads\/2025\/12\/eclipse-812x1024.jpg 812w, https:\/\/www.ifldigitalart.it\/new\/wp-content\/uploads\/2025\/12\/eclipse-768x969.jpg 768w, https:\/\/www.ifldigitalart.it\/new\/wp-content\/uploads\/2025\/12\/eclipse-1217x1536.jpg 1217w, https:\/\/www.ifldigitalart.it\/new\/wp-content\/uploads\/2025\/12\/eclipse-1623x2048.jpg 1623w, https:\/\/www.ifldigitalart.it\/new\/wp-content\/uploads\/2025\/12\/eclipse-scaled.jpg 2029w\" sizes=\"auto, (max-width: 238px) 100vw, 238px\" \/><figcaption class=\"wp-element-caption\">Eclipse (2025) &#8211; 80&#215;10 cm<\/figcaption><\/figure>\n\n\n\n<p class=\"wp-block-paragraph\">La composizione presenta una figura femminile che sembra sdoppiarsi, generando due immagini sovrapposte. Una emerge con maggiore luminosit\u00e0, evocando una dimensione serena e familiare; l\u2019altra appare pi\u00f9 scura e misteriosa, suggerendo una presenza profonda e nascosta. Le due dimensioni non si oppongono, ma convivono in un equilibrio instabile, in cui ciascun elemento definisce e completa l\u2019altro.<\/p>\n\n\n\n<p class=\"wp-block-paragraph\">Il titolo richiama il fenomeno naturale dell\u2019eclissi, momento in cui la luce viene temporaneamente oscurata e la percezione della realt\u00e0 si modifica. Questa alterazione dello sguardo diventa chiave di lettura dell\u2019opera: ci\u00f2 che appare evidente cambia significato, mentre ci\u00f2 che \u00e8 nascosto pu\u00f2 emergere in modo inatteso.<\/p>\n\n\n\n<p class=\"wp-block-paragraph\">Attraverso <em>Eclipse<\/em> ho voluto indagare la complessit\u00e0 dell\u2019identit\u00e0 e le sue sfumature, soffermandomi sul confine sottile tra ci\u00f2 che mostriamo e ci\u00f2 che rimane invisibile. Un invito a osservare oltre la superficie e a lasciare spazio a interpretazioni aperte e personali.<\/p>\n\n\n\n<p class=\"wp-block-paragraph\">Partecipare a questa mostra rappresenta un\u2019occasione di confronto all\u2019interno di un progetto che pone la percezione al centro del processo artistico, come strumento di lettura e interpretazione del reale.<\/p>\n\n\n\n<figure class=\"wp-block-image size-large\"><img loading=\"lazy\" decoding=\"async\" width=\"724\" height=\"1024\" src=\"https:\/\/www.ifldigitalart.it\/new\/wp-content\/uploads\/2026\/06\/A4_Locandina_Attraverso_i_sensi-1-724x1024.png\" alt=\"\" class=\"wp-image-2218\" srcset=\"https:\/\/www.ifldigitalart.it\/new\/wp-content\/uploads\/2026\/06\/A4_Locandina_Attraverso_i_sensi-1-724x1024.png 724w, https:\/\/www.ifldigitalart.it\/new\/wp-content\/uploads\/2026\/06\/A4_Locandina_Attraverso_i_sensi-1-212x300.png 212w, https:\/\/www.ifldigitalart.it\/new\/wp-content\/uploads\/2026\/06\/A4_Locandina_Attraverso_i_sensi-1-768x1086.png 768w, https:\/\/www.ifldigitalart.it\/new\/wp-content\/uploads\/2026\/06\/A4_Locandina_Attraverso_i_sensi-1-1086x1536.png 1086w, https:\/\/www.ifldigitalart.it\/new\/wp-content\/uploads\/2026\/06\/A4_Locandina_Attraverso_i_sensi-1.png 1414w\" sizes=\"auto, (max-width: 724px) 100vw, 724px\" \/><\/figure>\n","protected":false},"excerpt":{"rendered":"Dal 10 al 27 giugno 2026 parteciper\u00f2 alla mostra collettiva \u201cAttraverso i sensi\u201d, [&hellip;]","protected":false},"author":1,"featured_media":2206,"comment_status":"closed","ping_status":"closed","sticky":false,"template":"","format":"standard","meta":{"_acf_changed":false,"footnotes":""},"categories":[2,3],"tags":[],"class_list":["post-2204","post","type-post","status-publish","format-standard","has-post-thumbnail","hentry","category-mostre","category-news"],"acf":[],"_links":{"self":[{"href":"https:\/\/www.ifldigitalart.it\/new\/wp-json\/wp\/v2\/posts\/2204","targetHints":{"allow":["GET"]}}],"collection":[{"href":"https:\/\/www.ifldigitalart.it\/new\/wp-json\/wp\/v2\/posts"}],"about":[{"href":"https:\/\/www.ifldigitalart.it\/new\/wp-json\/wp\/v2\/types\/post"}],"author":[{"embeddable":true,"href":"https:\/\/www.ifldigitalart.it\/new\/wp-json\/wp\/v2\/users\/1"}],"replies":[{"embeddable":true,"href":"https:\/\/www.ifldigitalart.it\/new\/wp-json\/wp\/v2\/comments?post=2204"}],"version-history":[{"count":15,"href":"https:\/\/www.ifldigitalart.it\/new\/wp-json\/wp\/v2\/posts\/2204\/revisions"}],"predecessor-version":[{"id":2222,"href":"https:\/\/www.ifldigitalart.it\/new\/wp-json\/wp\/v2\/posts\/2204\/revisions\/2222"}],"wp:featuredmedia":[{"embeddable":true,"href":"https:\/\/www.ifldigitalart.it\/new\/wp-json\/wp\/v2\/media\/2206"}],"wp:attachment":[{"href":"https:\/\/www.ifldigitalart.it\/new\/wp-json\/wp\/v2\/media?parent=2204"}],"wp:term":[{"taxonomy":"category","embeddable":true,"href":"https:\/\/www.ifldigitalart.it\/new\/wp-json\/wp\/v2\/categories?post=2204"},{"taxonomy":"post_tag","embeddable":true,"href":"https:\/\/www.ifldigitalart.it\/new\/wp-json\/wp\/v2\/tags?post=2204"}],"curies":[{"name":"wp","href":"https:\/\/api.w.org\/{rel}","templated":true}]}}