{"id":2270,"date":"2026-09-05T10:07:04","date_gmt":"2026-09-05T08:07:04","guid":{"rendered":"https:\/\/www.ifldigitalart.it\/new\/?p=2270"},"modified":"2026-09-05T10:35:27","modified_gmt":"2026-09-05T08:35:27","slug":"ifl-digital-art-a-roma-con-la-serie-red-hugs","status":"publish","type":"post","link":"https:\/\/www.ifldigitalart.it\/new\/ifl-digital-art-a-roma-con-la-serie-red-hugs\/","title":{"rendered":"IFL Digital Art a Roma con la serie Red Hugs"},"content":{"rendered":"\n<h2 class=\"wp-block-heading\"><strong>11 settembre 2026 \u2013 Medina Roma Gallery, Roma<\/strong><\/h2>\n\n\n\n<p class=\"wp-block-paragraph\">L&#8217;11 settembre 2026 porter\u00f2 a Roma la serie <strong><em>Red Hugs<\/em><\/strong>, selezionata per il <strong>Rome Open Art Festival<\/strong>, organizzato da <strong>Art Number 23<\/strong>, galleria e collettivo artistico con base a Londra, attivo nella realizzazione di mostre e progetti espositivi internazionali.<\/p>\n\n\n\n<p class=\"wp-block-paragraph\">La mostra si svolger\u00e0 presso la <strong>Medina Roma Gallery<\/strong>, in Via Angelo Poliziano, nel cuore di Roma, a pochi passi dal Colosseo. Il progetto riunir\u00e0 artisti locali e internazionali, offrendo un&#8217;occasione di incontro tra artisti, curatori, collezionisti e appassionati d&#8217;arte. L&#8217;inaugurazione \u00e8 prevista per l&#8217;11 settembre dalle <strong>18:00 alle 20:00<\/strong>, con ingresso gratuito.<\/p>\n\n\n\n<h2 class=\"wp-block-heading\"><em>Red Hugs<\/em><\/h2>\n\n\n\n<p class=\"wp-block-paragraph\">Per questa occasione presenter\u00f2 la <strong>serie completa <em>Red Hugs<\/em><\/strong>, composta da quattro opere: <\/p>\n\n\n\n<figure class=\"wp-block-gallery has-nested-images columns-4 is-cropped wp-block-gallery-1 is-layout-flex wp-block-gallery-is-layout-flex\">\n<figure class=\"wp-block-image size-large\"><img loading=\"lazy\" decoding=\"async\" width=\"776\" height=\"1024\" data-id=\"2249\" src=\"https:\/\/www.ifldigitalart.it\/new\/wp-content\/uploads\/2026\/08\/Red-Hugs-1-776x1024.jpg\" alt=\"\" class=\"wp-image-2249\" srcset=\"https:\/\/www.ifldigitalart.it\/new\/wp-content\/uploads\/2026\/08\/Red-Hugs-1-776x1024.jpg 776w, https:\/\/www.ifldigitalart.it\/new\/wp-content\/uploads\/2026\/08\/Red-Hugs-1-227x300.jpg 227w, https:\/\/www.ifldigitalart.it\/new\/wp-content\/uploads\/2026\/08\/Red-Hugs-1-768x1014.jpg 768w, https:\/\/www.ifldigitalart.it\/new\/wp-content\/uploads\/2026\/08\/Red-Hugs-1-1164x1536.jpg 1164w, https:\/\/www.ifldigitalart.it\/new\/wp-content\/uploads\/2026\/08\/Red-Hugs-1-1552x2048.jpg 1552w, https:\/\/www.ifldigitalart.it\/new\/wp-content\/uploads\/2026\/08\/Red-Hugs-1-scaled.jpg 1940w\" sizes=\"auto, (max-width: 776px) 100vw, 776px\" \/><figcaption class=\"wp-element-caption\">Red Hugs #1<\/figcaption><\/figure>\n\n\n\n<figure class=\"wp-block-image size-large\"><img loading=\"lazy\" decoding=\"async\" width=\"724\" height=\"1024\" data-id=\"2119\" src=\"https:\/\/www.ifldigitalart.it\/new\/wp-content\/uploads\/2026\/03\/Red-Hugd-2-724x1024.png\" alt=\"Red Hugs #2\" class=\"wp-image-2119\" srcset=\"https:\/\/www.ifldigitalart.it\/new\/wp-content\/uploads\/2026\/03\/Red-Hugd-2-724x1024.png 724w, https:\/\/www.ifldigitalart.it\/new\/wp-content\/uploads\/2026\/03\/Red-Hugd-2-212x300.png 212w, https:\/\/www.ifldigitalart.it\/new\/wp-content\/uploads\/2026\/03\/Red-Hugd-2-768x1086.png 768w, https:\/\/www.ifldigitalart.it\/new\/wp-content\/uploads\/2026\/03\/Red-Hugd-2-1086x1536.png 1086w, https:\/\/www.ifldigitalart.it\/new\/wp-content\/uploads\/2026\/03\/Red-Hugd-2-1448x2048.png 1448w, https:\/\/www.ifldigitalart.it\/new\/wp-content\/uploads\/2026\/03\/Red-Hugd-2-scaled.png 1810w\" sizes=\"auto, (max-width: 724px) 100vw, 724px\" \/><figcaption class=\"wp-element-caption\">Red Hugs #2<\/figcaption><\/figure>\n\n\n\n<figure class=\"wp-block-image size-large\"><img loading=\"lazy\" decoding=\"async\" width=\"776\" height=\"1024\" data-id=\"2252\" src=\"https:\/\/www.ifldigitalart.it\/new\/wp-content\/uploads\/2026\/08\/Red-Hugs-3-776x1024.jpg\" alt=\"\" class=\"wp-image-2252\" srcset=\"https:\/\/www.ifldigitalart.it\/new\/wp-content\/uploads\/2026\/08\/Red-Hugs-3-776x1024.jpg 776w, https:\/\/www.ifldigitalart.it\/new\/wp-content\/uploads\/2026\/08\/Red-Hugs-3-227x300.jpg 227w, https:\/\/www.ifldigitalart.it\/new\/wp-content\/uploads\/2026\/08\/Red-Hugs-3-768x1014.jpg 768w, https:\/\/www.ifldigitalart.it\/new\/wp-content\/uploads\/2026\/08\/Red-Hugs-3-1164x1536.jpg 1164w, https:\/\/www.ifldigitalart.it\/new\/wp-content\/uploads\/2026\/08\/Red-Hugs-3-1552x2048.jpg 1552w, https:\/\/www.ifldigitalart.it\/new\/wp-content\/uploads\/2026\/08\/Red-Hugs-3-scaled.jpg 1939w\" sizes=\"auto, (max-width: 776px) 100vw, 776px\" \/><figcaption class=\"wp-element-caption\">Red Hugs #3<\/figcaption><\/figure>\n\n\n\n<figure class=\"wp-block-image size-large\"><img loading=\"lazy\" decoding=\"async\" width=\"724\" height=\"1024\" data-id=\"2123\" src=\"https:\/\/www.ifldigitalart.it\/new\/wp-content\/uploads\/2026\/03\/Red-Hugd-4-724x1024.png\" alt=\"Red Hugs #4\" class=\"wp-image-2123\" srcset=\"https:\/\/www.ifldigitalart.it\/new\/wp-content\/uploads\/2026\/03\/Red-Hugd-4-724x1024.png 724w, https:\/\/www.ifldigitalart.it\/new\/wp-content\/uploads\/2026\/03\/Red-Hugd-4-212x300.png 212w, https:\/\/www.ifldigitalart.it\/new\/wp-content\/uploads\/2026\/03\/Red-Hugd-4-768x1086.png 768w, https:\/\/www.ifldigitalart.it\/new\/wp-content\/uploads\/2026\/03\/Red-Hugd-4-1086x1536.png 1086w, https:\/\/www.ifldigitalart.it\/new\/wp-content\/uploads\/2026\/03\/Red-Hugd-4-1448x2048.png 1448w, https:\/\/www.ifldigitalart.it\/new\/wp-content\/uploads\/2026\/03\/Red-Hugd-4-scaled.png 1810w\" sizes=\"auto, (max-width: 724px) 100vw, 724px\" \/><figcaption class=\"wp-element-caption\">Red Hugs #4<\/figcaption><\/figure>\n<\/figure>\n\n\n\n<p class=\"wp-block-paragraph\">\u00c8 un aspetto a cui tengo particolarmente, perch\u00e9 le quattro opere nascono come parti di un unico percorso visivo e concettuale.<\/p>\n\n\n\n<p class=\"wp-block-paragraph\"><em>Red Hugs<\/em> nasce da una riflessione sull&#8217;abbraccio, un gesto apparentemente semplice e rassicurante che pu\u00f2 per\u00f2 racchiudere significati molto diversi: intimit\u00e0, desiderio, protezione, fusione, ma anche tensione e conflitto.<\/p>\n\n\n\n<p class=\"wp-block-paragraph\">Attraverso la tecnica che ho definito <strong>Extreme Photo Editing \u2013 Fotoritocco Estremo<\/strong>, trasformo la figura umana fino a renderla instabile, sospesa tra riconoscibilit\u00e0 e astrazione. La manipolazione dell&#8217;immagine non \u00e8 soltanto un intervento estetico, ma diventa uno strumento per mettere in discussione ci\u00f2 che vediamo e il modo in cui lo interpretiamo.<\/p>\n\n\n\n<p class=\"wp-block-paragraph\">Il <strong>rosso<\/strong>, elemento dominante dell&#8217;intera serie, amplifica questa ambivalenza. \u00c8 un colore fisico ed emotivo, capace di evocare contemporaneamente passione, energia, desiderio, pericolo e tensione.<\/p>\n\n\n\n<p class=\"wp-block-paragraph\">Le quattro opere sono realizzate nel 2022 e presentate come <strong>stampe su alluminio spazzolato<\/strong>, nel formato <strong>50 \u00d7 66 cm<\/strong>.<\/p>\n\n\n\n<h2 class=\"wp-block-heading\">Una serie che torna a Roma<\/h2>\n\n\n\n<p class=\"wp-block-paragraph\">La partecipazione al Rome Open Art Festival arriva dopo un importante riconoscimento ottenuto proprio con questa serie.<\/p>\n\n\n\n<p class=\"wp-block-paragraph\">Nel 2026, infatti, <strong><em>Red Hugs #2<\/em> e <em>Red Hugs #4<\/em> hanno ricevuto il Primo Premio per la Digital Art<\/strong> alla Biennale\/Premio della Critica <strong>\u201cDentro il Rosso\u201d<\/strong> di Bacoli.<\/p>\n\n\n\n<p class=\"wp-block-paragraph\">A Roma avr\u00f2 quindi l&#8217;occasione di presentare le quattro opere <strong>insieme<\/strong>, dando alla serie una lettura pi\u00f9 completa rispetto alle precedenti esposizioni.<\/p>\n\n\n\n<p class=\"wp-block-paragraph\">Per me \u00e8 un passaggio significativo: <em>Red Hugs<\/em> \u00e8 una delle serie attraverso cui ho sviluppato il mio modo di utilizzare il Fotoritocco Estremo per trasformare la fotografia e l&#8217;immagine digitale in qualcosa che non vuole pi\u00f9 essere semplicemente riconoscibile, ma lascia spazio alla percezione personale di chi guarda.<\/p>\n\n\n\n<h2 class=\"wp-block-heading\">Rome Open Art Festival<\/h2>\n\n\n\n<figure class=\"wp-block-image\"><img decoding=\"async\" src=\"https:\/\/www.ifldigitalart.it\/new\/wp-content\/uploads\/2026\/09\/Locandina_ROMA_11-Settembre.jpg\" alt=\"\" class=\"wp-image-2274\"\/><\/figure>\n\n\n\n<p class=\"wp-block-paragraph\">Il <strong>Rome Open Art Festival<\/strong> \u00e8 un progetto di <strong>Art Number 23<\/strong>, realt\u00e0 artistica con base a Londra che dal 2016 organizza e cura mostre nel Regno Unito e in diverse sedi internazionali, con l&#8217;obiettivo di creare occasioni di esposizione e promozione per artisti provenienti da tutto il mondo.<\/p>\n\n\n\n<p class=\"wp-block-paragraph\">Per questa edizione romana, la mostra riunir\u00e0 artisti provenienti da diversi Paesi presso la <strong>Medina Roma Gallery<\/strong>.<\/p>\n\n\n\n<p class=\"wp-block-paragraph\">Dopo l&#8217;inaugurazione dell&#8217;11 settembre, il programma proseguir\u00e0 il 12 e 13 settembre con mostra, live painting e performance. Dal <strong>14 al 17 settembre<\/strong> la mostra sar\u00e0 aperta al pubblico dalle <strong>10:00 alle 13:00 e dalle 15:00 alle 19:00<\/strong>. L&#8217;ingresso \u00e8 gratuito.<\/p>\n\n\n\n<p class=\"wp-block-paragraph\">Sono particolarmente contento di tornare a esporre a Roma con un progetto completo e, soprattutto, di poterlo fare portando <strong>tutte e quattro le opere di <em>Red Hugs<\/em><\/strong> nello stesso spazio.<\/p>\n\n\n\n<p class=\"wp-block-paragraph\">Sar\u00e0 anche un&#8217;occasione per incontrare personalmente il pubblico e continuare quel dialogo che considero parte integrante del mio lavoro: non suggerire necessariamente una risposta, ma creare immagini capaci di generare una domanda, una sensazione o una diversa possibilit\u00e0 di vedere.<\/p>\n\n\n\n<h3 class=\"wp-block-heading\">Rome Open Art Festival 2026<\/h3>\n\n\n\n<p class=\"wp-block-paragraph\"><strong>Medina Roma Gallery<\/strong><br>Via Angelo Poliziano 28\u201336, Roma<br><strong>11\u201317 settembre 2026<\/strong><br><strong>Opening:<\/strong> 11 settembre, ore 18:00\u201320:00<br><strong>Ingresso gratuito<\/strong><\/p>\n\n\n\n<p class=\"wp-block-paragraph\">Maggiori informazioni sulla mostra e sul programma sono disponibili sul sito di <strong><a href=\"https:\/\/www.artnumber23.uk\/rome\" target=\"_blank\" rel=\"noopener\">Art Number 23<\/a><\/strong>.<\/p>\n","protected":false},"excerpt":{"rendered":"11 settembre 2026 \u2013 Medina Roma Gallery, Roma L&#8217;11 settembre 2026 porter\u00f2 a [&hellip;]","protected":false},"author":1,"featured_media":2274,"comment_status":"closed","ping_status":"closed","sticky":false,"template":"","format":"standard","meta":{"_acf_changed":false,"footnotes":""},"categories":[2,3],"tags":[],"class_list":["post-2270","post","type-post","status-publish","format-standard","has-post-thumbnail","hentry","category-mostre","category-news"],"acf":[],"_links":{"self":[{"href":"https:\/\/www.ifldigitalart.it\/new\/wp-json\/wp\/v2\/posts\/2270","targetHints":{"allow":["GET"]}}],"collection":[{"href":"https:\/\/www.ifldigitalart.it\/new\/wp-json\/wp\/v2\/posts"}],"about":[{"href":"https:\/\/www.ifldigitalart.it\/new\/wp-json\/wp\/v2\/types\/post"}],"author":[{"embeddable":true,"href":"https:\/\/www.ifldigitalart.it\/new\/wp-json\/wp\/v2\/users\/1"}],"replies":[{"embeddable":true,"href":"https:\/\/www.ifldigitalart.it\/new\/wp-json\/wp\/v2\/comments?post=2270"}],"version-history":[{"count":5,"href":"https:\/\/www.ifldigitalart.it\/new\/wp-json\/wp\/v2\/posts\/2270\/revisions"}],"predecessor-version":[{"id":2279,"href":"https:\/\/www.ifldigitalart.it\/new\/wp-json\/wp\/v2\/posts\/2270\/revisions\/2279"}],"wp:featuredmedia":[{"embeddable":true,"href":"https:\/\/www.ifldigitalart.it\/new\/wp-json\/wp\/v2\/media\/2274"}],"wp:attachment":[{"href":"https:\/\/www.ifldigitalart.it\/new\/wp-json\/wp\/v2\/media?parent=2270"}],"wp:term":[{"taxonomy":"category","embeddable":true,"href":"https:\/\/www.ifldigitalart.it\/new\/wp-json\/wp\/v2\/categories?post=2270"},{"taxonomy":"post_tag","embeddable":true,"href":"https:\/\/www.ifldigitalart.it\/new\/wp-json\/wp\/v2\/tags?post=2270"}],"curies":[{"name":"wp","href":"https:\/\/api.w.org\/{rel}","templated":true}]}}